{"id":3477,"date":"2025-03-05T03:18:25","date_gmt":"2025-03-05T02:18:25","guid":{"rendered":"https:\/\/arctic.hr\/osijek\/"},"modified":"2025-07-14T08:01:56","modified_gmt":"2025-07-14T06:01:56","slug":"osijek","status":"publish","type":"post","link":"https:\/\/arctic.hr\/sl\/osijek\/","title":{"rendered":"OSIJEK"},"content":{"rendered":"<p>Na glavnem trgu Ante Star\u010devi\u0107a v Osijeku smo postavili kro\u017eno drsali\u0161\u010de s stezo, na katerem so u\u017eivali prebivalci Osijeka in regije.<\/p>\n","protected":false},"excerpt":{"rendered":"<p>Na glavnem trgu Ante Star\u010devi\u0107a v Osijeku smo postavili kro\u017eno drsali\u0161\u010de s stezo, na katerem so u\u017eivali prebivalci Osijeka in regije.<\/p>\n","protected":false},"author":1,"featured_media":3478,"comment_status":"closed","ping_status":"open","sticky":false,"template":"","format":"standard","meta":{"footnotes":""},"categories":[189],"tags":[191],"class_list":["post-3477","post","type-post","status-publish","format-standard","has-post-thumbnail","hentry","category-drsalisca","tag-hrvaska"],"_links":{"self":[{"href":"https:\/\/arctic.hr\/sl\/wp-json\/wp\/v2\/posts\/3477","targetHints":{"allow":["GET"]}}],"collection":[{"href":"https:\/\/arctic.hr\/sl\/wp-json\/wp\/v2\/posts"}],"about":[{"href":"https:\/\/arctic.hr\/sl\/wp-json\/wp\/v2\/types\/post"}],"author":[{"embeddable":true,"href":"https:\/\/arctic.hr\/sl\/wp-json\/wp\/v2\/users\/1"}],"replies":[{"embeddable":true,"href":"https:\/\/arctic.hr\/sl\/wp-json\/wp\/v2\/comments?post=3477"}],"version-history":[{"count":0,"href":"https:\/\/arctic.hr\/sl\/wp-json\/wp\/v2\/posts\/3477\/revisions"}],"wp:featuredmedia":[{"embeddable":true,"href":"https:\/\/arctic.hr\/sl\/wp-json\/wp\/v2\/media\/3478"}],"wp:attachment":[{"href":"https:\/\/arctic.hr\/sl\/wp-json\/wp\/v2\/media?parent=3477"}],"wp:term":[{"taxonomy":"category","embeddable":true,"href":"https:\/\/arctic.hr\/sl\/wp-json\/wp\/v2\/categories?post=3477"},{"taxonomy":"post_tag","embeddable":true,"href":"https:\/\/arctic.hr\/sl\/wp-json\/wp\/v2\/tags?post=3477"}],"curies":[{"name":"wp","href":"https:\/\/api.w.org\/{rel}","templated":true}]}}